{"id":114,"date":"2020-12-29T06:48:14","date_gmt":"2020-12-29T06:48:14","guid":{"rendered":"http:\/\/srbi.eu\/?p=114"},"modified":"2020-12-29T06:48:14","modified_gmt":"2020-12-29T06:48:14","slug":"najveci-uspjeh-satane-prevarila-svijet-da-postoji","status":"publish","type":"post","link":"http:\/\/srbi.eu\/?p=114","title":{"rendered":"Najve\u0107i uspjeh satane &#8211; prevarila svijet da postoji."},"content":{"rendered":"\n<p>Zadnjih mjeseci gledamo rast popularnosti novoizabranog gradona\u010delnika Banja Luke. Na vol\u0161eban na\u010din je osvojio srca ljudi koji do tada i nisu bili posebno politi\u010dki zainteresovani ili anga\u017eovani. Kako je to moglo da se dogodi? Njegov nastup je medijski predstavljen skoro pa kao dolazak jevrejskog Mejsije \u2013 spasioca na kojeg se \u010dekalo sve do sada!<\/p>\n\n\n\n<p>Ipak, krenimo redom koriste\u0107i isklju\u010divo svima dostupne informacije na internetu.<\/p>\n\n\n\n<p>Portal Klix ba. Unesete u polje pretrage ime Stanivukovi\u0107 i imate nekoliko stotina rezultata pretrage. Direktno povezani sa njim datiraju od 08.08.2017 sa naslovom \u201eBanjalu\u010dani protestovali zbog kupovine slu\u017ebenog automobila ministru Male\u0161evi\u0107u\u201c. Bitno je pomenuti da je ovaj performans direktno vezan za NVO ReStart, ime koje se pojavljuje u mnogim dr\u017eavama gdje se odvijaju procesi \u201edemokratizacije\u201c, \u010dak i u Iranu.<\/p>\n\n\n\n<p><a href=\"https:\/\/www.klix.ba\/pretraga?pojam=stanivukovi%C4%87&amp;pomak=13\">https:\/\/www.klix.ba\/pretraga?pojam=stanivukovi%C4%87&amp;pomak=13<\/a><\/p>\n\n\n\n<p>Iz teksta mo\u017eemo zaklju\u010diti direktnu podr\u0161ku Stanivukovi\u0107a NVO pokretu ReStart. Opet, zakopamo li malo dublje po pitanju doti\u010dnih, do\u0111emo npr. do fb stranice ameri\u010dkog NDI u BiH sa objavom od 08.05.2018 i slede\u0107im tekstom :<br>\u201eDana 08.05. u Hotelu Evropa odr\u017eana je panel diskusija \u201cNove stranke na politi\u010dkoj sceni BiH-nove politike\u201d. U\u010desnici na panel diskusiji su bili: Amir Reko iz Most 21, Elma Kari\u0161ik iz Gra\u0111anskog saveza te Stefan Blagi\u0107 iz ReStart Srpska, dok je moderator bio politi\u010dki analiti\u010dar Adnan Huski\u0107. Panelisti su se dotakli goru\u0107h tema u bh. dru\u0161tvu poput korupcije, netransparentnosti u javnim nabavkama, nezaposlenosti, odlaska mladih, te nazadovanja u procesu EU integracija. Panelisti su slo\u017eni da su ovoj zemlji potrebne promjene, da treba zadr\u017eati mlade ljude u zemlji te da je <strong>gra\u0111anska BiH<\/strong> cilj ka kojem treba te\u017eiti.\u201c<\/p>\n\n\n\n<p><a href=\"https:\/\/www.facebook.com\/ndibih\/posts\/1886631014700986\/\">https:\/\/www.facebook.com\/ndibih\/posts\/1886631014700986\/<\/a><\/p>\n\n\n\n<p><strong>Pretraga na portalu Klix ba nam za 2018. daje slede\u0107e naslove:<\/strong><br><br>-Dra\u0161ku Stanivukovi\u0107u stigla kazna od 1.500 KM zbog u\u010de\u0161\u0107a na protestima u Banjoj Luci<\/p>\n\n\n\n<p>-Stanivukovi\u0107 tra\u017ei da sve nezaposlene majke u RS-u imaju dodatak od 405 KM<\/p>\n\n\n\n<p>-Banjalu\u010danin rukama otkidao dijelove asfalta: Ovo je jad i \u010demer gra\u0111evinarstva<\/p>\n\n\n\n<p>-Priveden odbornik PDP-a Dra\u0161ko Stanivukovi\u0107, \u017eelio blokirati saobra\u0107aj ispred zgrade Vlade RS-a<\/p>\n\n\n\n<p>-Odbornik u Skup\u0161tini Banja Luke organizirao utrku automobila &#8222;u leru&#8220;<\/p>\n\n\n\n<p>-Iz Udru\u017eenja &#8222;ReStart Srpska&#8220; negirali da je uhap\u0161eni za podsticanje na terorizam njihov \u010dlan<\/p>\n\n\n\n<p>-Dra\u0161ko Stanivukovi\u0107 ponovo u akciji, ukazao na apsurd regulisanja saobra\u0107aja u RS-u<\/p>\n\n\n\n<p><strong>Od septembra 2018. dolazi do mijenjanja karaktera nastupa i druga\u010dijih naslova.<\/strong><\/p>\n\n\n\n<p>-Stanivukovi\u0107 tvrdi da je Dodik u \u010celincu fizi\u010dki nasrnuo na njega-Stanivukovi\u0107: Narod me je poslao da se borim za istinu i pravdu, bit \u0107u najaktivniji u NSRS<\/p>\n\n\n\n<p>-Dra\u0161ko Stanivukovi\u0107 se odri\u010de minimalno 2.500 KM u NSRS, \u017eeli raditi volonterski<br>-Narodno okupljanje u Banjoj Luci: Zatra\u017eeno poni\u0161tavanje izbora i pravda za Davida<\/p>\n\n\n\n<p>-Dra\u0161ko Stanivukovi\u0107 izveo performans: Di\u0107i glas protiv poskupljenja voza\u010dkih ispita<br>-Stanivukovi\u0107: Odre\u0107i \u0107u se poslani\u010dke plate, novac \u0107u davati studentima i u humanitarne svrhe<\/p>\n\n\n\n<p>Podr\u0161ka Stanivukovi\u0107a obojenoj revoluciji PzD traje do kraja 2018. Dragi\u010devi\u0107 nestaje sa medijske scene i tek kasnije se pojavljuje \u201e\u017eiv i zdrav\u201c u Austriji. Naslovi od po\u010detka 2019. nam odaju djelimi\u010dno preuzimanje \u201enarodnih masa\u201c i kreiranih emocija kroz PzD u ruke Stanivukovi\u0107a.<\/p>\n\n\n\n<p>-Stanivukovi\u0107 za Klix.ba o budu\u0107nosti BiH, separatizmu Dodika, Sarajevu i &#8222;zati\u0161ju pred buru&#8220;<\/p>\n\n\n\n<p>-Dra\u0161ko Stanivukovi\u0107 pozvao gra\u0111ane RS-a da se okupe na Trgu Krajine, najavio performans<\/p>\n\n\n\n<p>-U Banjoj Luci sutra peticija protiv poskupljenja vode i parkinga<\/p>\n\n\n\n<p>-Stanivukovi\u0107 i Luka\u010d polemisali o zabrani okupljanja na Trgu Krajine u Banjoj Luci<\/p>\n\n\n\n<p>-Stanivukovi\u0107: Radi li\u010dne sigurnosti mo\u017eda napustim BiH<\/p>\n\n\n\n<p>-Odbor za bezbjednost NSRS-a raspravljat \u0107e o ugro\u017eenoj sigurnosti Dra\u0161ka Stanivukovi\u0107a<\/p>\n\n\n\n<p>Dobar deo 2019. je pro\u0161ao kroz reklamiranje Stanivukovi\u0107a i njegovog dizanja masa protiv vlasti, policije i javnog servisa u R.Srpskoj.<\/p>\n\n\n\n<p>Me\u0111utim, po\u010detkom 2020. dolazi so elementarnih promjena.<\/p>\n\n\n\n<p>Gra\u0111anski narativ nestaje. Godina je izbora. Ocijenjeno je da se sa gra\u0111anskom opcijom ne\u0107e do\u0107i do zacrtanih ciljeva i tako predhodno BiH Dra\u0161ko postaje \u201enacionalista\u201c!<\/p>\n\n\n\n<p>-Stanivukovi\u0107 se u Fo\u010di fotografisao s \u010detni\u010dkom zastavom i izazvao \u017eestoke reakcije<\/p>\n\n\n\n<p><strong>Dolazi do pandemije korona virusa.<\/strong><\/p>\n\n\n\n<p>Naslovi nam samo odaju usmeravanje Dra\u0161kovog rada kao diskreditacija predsjednika Dodika. Afera oko respiratora \u201eMalina\u201c je preusmerena na performans mobilne covid bolnice u Srpskoj.<\/p>\n\n\n\n<p>Diskreditacija Narode Skup\u0161tine Republike Srpske.<\/p>\n\n\n\n<p>U julu predstavljanje Stanivukovi\u0107a kao kandidata za mjesto gradona\u010delnika Banja Luke.<\/p>\n\n\n\n<p>31.07.2020&nbsp; &nbsp;Stanivukovi\u0107: Federacija i Republika Srpska su blizanci, a Bosna i Hercegovina je majka<\/p>\n\n\n\n<p>30.08.2020&nbsp; Crnadak: Protjerivanje Dra\u0161ka Stanivukovi\u0107a je \u0161amar za BiH<\/p>\n\n\n\n<p><strong>Potvrda gra\u0111anskog narativa!<\/strong><\/p>\n\n\n\n<p>Stanivukovi\u0107 je sada gradona\u010delnik Banja Luke.<\/p>\n\n\n\n<p><strong>Budu\u0107nost \u0107e nam pokazati na koji na\u010din \u0107e uspeti da narodu \u201eogadi\u201c Republiku Srpsku i udovolji ga da se utope u gra\u0111ansku BiH bez entiteta. Gra\u0111ansku BiH bez entiteta sa njim kao predsednikom svih ljudi gdje \u0107e majorno Srbi biti preglasani ulaskom BiH u Nato<\/strong>.<\/p>\n\n\n\n<p>Aferim, Srbine<\/p>\n","protected":false},"excerpt":{"rendered":"<p>Zadnjih mjeseci gledamo rast popularnosti novoizabranog gradona\u010delnika Banja Luke. Na vol\u0161eban na\u010din je osvojio srca ljudi koji do tada i nisu bili posebno politi\u010dki zainteresovani ili anga\u017eovani. Kako je to moglo da se dogodi? Njegov nastup je medijski predstavljen skoro pa kao dolazak jevrejskog Mejsije \u2013 spasioca na kojeg se \u010dekalo sve do sada! Ipak, [&hellip;]<\/p>\n","protected":false},"author":1,"featured_media":0,"comment_status":"open","ping_status":"open","sticky":false,"template":"","format":"standard","meta":{"footnotes":""},"categories":[1],"tags":[],"class_list":["post-114","post","type-post","status-publish","format-standard","hentry","category-uncategorized"],"_links":{"self":[{"href":"http:\/\/srbi.eu\/index.php?rest_route=\/wp\/v2\/posts\/114","targetHints":{"allow":["GET"]}}],"collection":[{"href":"http:\/\/srbi.eu\/index.php?rest_route=\/wp\/v2\/posts"}],"about":[{"href":"http:\/\/srbi.eu\/index.php?rest_route=\/wp\/v2\/types\/post"}],"author":[{"embeddable":true,"href":"http:\/\/srbi.eu\/index.php?rest_route=\/wp\/v2\/users\/1"}],"replies":[{"embeddable":true,"href":"http:\/\/srbi.eu\/index.php?rest_route=%2Fwp%2Fv2%2Fcomments&post=114"}],"version-history":[{"count":1,"href":"http:\/\/srbi.eu\/index.php?rest_route=\/wp\/v2\/posts\/114\/revisions"}],"predecessor-version":[{"id":115,"href":"http:\/\/srbi.eu\/index.php?rest_route=\/wp\/v2\/posts\/114\/revisions\/115"}],"wp:attachment":[{"href":"http:\/\/srbi.eu\/index.php?rest_route=%2Fwp%2Fv2%2Fmedia&parent=114"}],"wp:term":[{"taxonomy":"category","embeddable":true,"href":"http:\/\/srbi.eu\/index.php?rest_route=%2Fwp%2Fv2%2Fcategories&post=114"},{"taxonomy":"post_tag","embeddable":true,"href":"http:\/\/srbi.eu\/index.php?rest_route=%2Fwp%2Fv2%2Ftags&post=114"}],"curies":[{"name":"wp","href":"https:\/\/api.w.org\/{rel}","templated":true}]}}